{"id":297,"date":"2015-11-01T17:02:26","date_gmt":"2015-11-01T16:02:26","guid":{"rendered":"http:\/\/www.stefanoterranova.com\/site\/?p=297"},"modified":"2015-11-01T17:02:53","modified_gmt":"2015-11-01T16:02:53","slug":"la-nostra-serenita-e-la-tua-pace","status":"publish","type":"post","link":"https:\/\/www.stefanoterranova.com\/site\/la-nostra-serenita-e-la-tua-pace\/","title":{"rendered":"La nostra serenit\u00e0 \u00e8 la tua pace&#8230;"},"content":{"rendered":"<p>Tesoro dopo 28 mesi dalla tua scomparsa, sono ancora qui a scrivere di te&#8230; di noi! Sono stati mesi lunghi, duri trascorsi in un&#8217;altalena di alti e bassi. Momenti in cui la vita ti prende, per forza di cose e come per inerzia ti fa andare avanti,\u00a0momenti in cui basta un niente, una parola, una frase, un ricordo, che quella voragine che c&#8217;\u00e8 nel mio, nel nostro cuore, si spalanca inesorabile catapultandoci in un dolore infinito, immenso! Questo \u00e8 il terzo anno in cui, la commemorazione dei defunti si avvicina per noi come una spada di Damocle! Non che gli altri giorni siano migliori, ma in questi momenti, ancora peggio! Il cimitero, tesoro, \u00e8\u00a0divenuta come quasi la mia seconda casa. Vengo a trovarti come se abitassi in un&#8217;altra casetta e mi sazio di te, stando seduta sulla panchina, che i tuoi amici, con tanto amore, hanno portato, guardandoti, accudendoti e curandoti come un gioiello prezioso. Giorno 6 avresti compiuto 21 splendidi anni ed io sar\u00f2 l\u00ec con te, noi tutti saremo l\u00ec con te, per festeggiarli per come possiamo, affinch\u00e9 tu possa essere felice nel vederci tutti riuniti nel tuo amore! Ora ti lascio, vita mia, prima che le lacrime prendano il sopravvento. Ed io so che non mi vorresti vedere piangere perch\u00e9 la mia, la nostra serenit\u00e0 \u00e8 la tua pace! Con immenso amore&#8230;&#8230;.LA MAMMA &lt;3!<\/p>\n","protected":false},"excerpt":{"rendered":"<p>Tesoro dopo 28 mesi dalla tua scomparsa, sono ancora qui a scrivere di te&#8230; di noi! Sono stati mesi lunghi, duri trascorsi in un&#8217;altalena di alti e bassi. Momenti in cui la vita ti prende, per forza di cose e come per inerzia ti fa andare avanti,\u00a0momenti in cui basta un niente, una parola, una [&hellip;]<\/p>\n","protected":false},"author":1,"featured_media":0,"comment_status":"open","ping_status":"open","sticky":false,"template":"","format":"image","meta":{"footnotes":""},"categories":[1],"tags":[],"class_list":["post-297","post","type-post","status-publish","format-image","hentry","category-blog","post_format-post-format-image"],"_links":{"self":[{"href":"https:\/\/www.stefanoterranova.com\/site\/wp-json\/wp\/v2\/posts\/297","targetHints":{"allow":["GET"]}}],"collection":[{"href":"https:\/\/www.stefanoterranova.com\/site\/wp-json\/wp\/v2\/posts"}],"about":[{"href":"https:\/\/www.stefanoterranova.com\/site\/wp-json\/wp\/v2\/types\/post"}],"author":[{"embeddable":true,"href":"https:\/\/www.stefanoterranova.com\/site\/wp-json\/wp\/v2\/users\/1"}],"replies":[{"embeddable":true,"href":"https:\/\/www.stefanoterranova.com\/site\/wp-json\/wp\/v2\/comments?post=297"}],"version-history":[{"count":3,"href":"https:\/\/www.stefanoterranova.com\/site\/wp-json\/wp\/v2\/posts\/297\/revisions"}],"predecessor-version":[{"id":301,"href":"https:\/\/www.stefanoterranova.com\/site\/wp-json\/wp\/v2\/posts\/297\/revisions\/301"}],"wp:attachment":[{"href":"https:\/\/www.stefanoterranova.com\/site\/wp-json\/wp\/v2\/media?parent=297"}],"wp:term":[{"taxonomy":"category","embeddable":true,"href":"https:\/\/www.stefanoterranova.com\/site\/wp-json\/wp\/v2\/categories?post=297"},{"taxonomy":"post_tag","embeddable":true,"href":"https:\/\/www.stefanoterranova.com\/site\/wp-json\/wp\/v2\/tags?post=297"}],"curies":[{"name":"wp","href":"https:\/\/api.w.org\/{rel}","templated":true}]}}