{"id":287,"date":"2015-04-05T16:51:09","date_gmt":"2015-04-05T14:51:09","guid":{"rendered":"http:\/\/www.stefanoterranova.com\/site\/?p=287"},"modified":"2015-05-30T16:08:54","modified_gmt":"2015-05-30T14:08:54","slug":"la-vita-non-e-piu-la-stessa-senza-di-te","status":"publish","type":"post","link":"https:\/\/www.stefanoterranova.com\/site\/la-vita-non-e-piu-la-stessa-senza-di-te\/","title":{"rendered":"La vita non \u00e8 pi\u00f9 la stessa senza di te&#8230;"},"content":{"rendered":"<p class=\"p1\"><span class=\"s1\">Dolce Amore mio, stanno passando quasi due anni da quel terribile giorno e stranamente per la prima volta non so che dire. In tante occasioni mi sono sentita ripetere \u201cil dolore allevia ogni ferita\u201d ma questa, Tesoro mio, non sembra alleviarsi per niente, anzi! La mente per difendersi dall&#8217;impazzire, col tempo, tende un po&#8217; a cicatrizzare i pensieri dolorosi, ma il tuo ricordo \u00e8 sempre vivo nei nostri cuori e nelle nostre menti ogni giorno sempre di pi\u00f9. Ci manchi tesoro, ci manchi tanto! Il nostro egoismo di genitori ti vorrebbe con noi, ma un progetto pi\u00f9 grande, che un giorno sono sicura capiremo, ti ha portato via. Dacci sempre la forza di andare avanti, soprattutto in quei momenti in cui la tua assenza, il dolore per la tua perdita si accaniscono contro di noi! Prega tu per noi Vita mia, ch\u00e9 solo tu dall&#8217;alto dei cieli ci puoi consolare. Buona e Santa Pasqua Tesoro mio e festeggia con Ges\u00f9 e tutti gli angioletti questa giornata di pace, amore e serenit\u00e0\u2026 Con immenso Amore&#8230; Come sempre&#8230; <\/span><\/p>\n<p class=\"p1\"><span class=\"s1\">La tua adorata mamma &lt;3!<\/span><\/p>\n","protected":false},"excerpt":{"rendered":"<p>Dolce Amore mio, stanno passando quasi due anni da quel terribile giorno e stranamente per la prima volta non so che dire. In tante occasioni mi sono sentita ripetere \u201cil dolore allevia ogni ferita\u201d ma questa, Tesoro mio, non sembra alleviarsi per niente, anzi! La mente per difendersi dall&#8217;impazzire, col tempo, tende un po&#8217; a [&hellip;]<\/p>\n","protected":false},"author":1,"featured_media":0,"comment_status":"open","ping_status":"open","sticky":false,"template":"","format":"image","meta":{"footnotes":""},"categories":[1],"tags":[],"class_list":["post-287","post","type-post","status-publish","format-image","hentry","category-blog","post_format-post-format-image"],"_links":{"self":[{"href":"https:\/\/www.stefanoterranova.com\/site\/wp-json\/wp\/v2\/posts\/287","targetHints":{"allow":["GET"]}}],"collection":[{"href":"https:\/\/www.stefanoterranova.com\/site\/wp-json\/wp\/v2\/posts"}],"about":[{"href":"https:\/\/www.stefanoterranova.com\/site\/wp-json\/wp\/v2\/types\/post"}],"author":[{"embeddable":true,"href":"https:\/\/www.stefanoterranova.com\/site\/wp-json\/wp\/v2\/users\/1"}],"replies":[{"embeddable":true,"href":"https:\/\/www.stefanoterranova.com\/site\/wp-json\/wp\/v2\/comments?post=287"}],"version-history":[{"count":1,"href":"https:\/\/www.stefanoterranova.com\/site\/wp-json\/wp\/v2\/posts\/287\/revisions"}],"predecessor-version":[{"id":289,"href":"https:\/\/www.stefanoterranova.com\/site\/wp-json\/wp\/v2\/posts\/287\/revisions\/289"}],"wp:attachment":[{"href":"https:\/\/www.stefanoterranova.com\/site\/wp-json\/wp\/v2\/media?parent=287"}],"wp:term":[{"taxonomy":"category","embeddable":true,"href":"https:\/\/www.stefanoterranova.com\/site\/wp-json\/wp\/v2\/categories?post=287"},{"taxonomy":"post_tag","embeddable":true,"href":"https:\/\/www.stefanoterranova.com\/site\/wp-json\/wp\/v2\/tags?post=287"}],"curies":[{"name":"wp","href":"https:\/\/api.w.org\/{rel}","templated":true}]}}